{"id":8193,"date":"2023-08-16T11:36:24","date_gmt":"2023-08-16T11:36:24","guid":{"rendered":"https:\/\/chubbfs.com\/de-de\/?p=8193"},"modified":"2024-04-23T08:02:50","modified_gmt":"2024-04-23T08:02:50","slug":"vds-brandschutztage-2023","status":"publish","type":"post","link":"https:\/\/chubbfs.com\/de-de\/vds-brandschutztage-2023\/","title":{"rendered":"VdS BrandSchutzTage 2023:  Chubb Deutschland pr\u00e4sentiert Brandschutzl\u00f6sungen plus Sicherheit im Abo"},"content":{"rendered":"<p>(Hamburg, 16.08.2023) \u2013 Auch in diesem Jahr ist die Chubb Deutschland GmbH an den VdS BrandSchutzTagen, die am 6. und 7. Dezember in K\u00f6ln stattfinden, mit einem Messestand vertreten. Aufgrund der positiven Entwicklung der letzten Veranstaltung wurde der internationale Branchentreff nun vergr\u00f6\u00dfert und in die Messehalle 10.1 verlegt.<\/p>\n<p>Chubb nutzt das rege Interesse der Fachbesucher:innen und pr\u00e4sentiert am Stand C-14 umfassende L\u00f6sungen rund um Brandschutz und Sicherheit.\u00a0 Das Portfolio reicht von Brandmeldeanlagen, L\u00f6schtechnik, Brandmeldeanlagen, Zutritt, Einbruch bis hin zu Produkten f\u00fcr den vorbeugenden Brandschutz. Dabei steht beim Unternehmen der Blick auf das gro\u00dfe Ganze im Fokus, denn die Spezialisten bieten ihren Kunden nicht nur Produktl\u00f6sungen an, sondern flankieren diese bei Bedarf auch mit intensiven Beratungs- und Serviceleistungen. Abgerundet wird das Portfolio mit einer eigenen, VdS-zertifizierten 24\/7 besetzten Notruf- und Serviceleitstelle, sodass die Sicherheitsgewerke von hier aus rund um die Uhr \u00fcberwacht und im Ernstfall unmittelbar das Notfallprotokoll in die Wege geleitet werden kann. \u201eUnsere NSL ist eine der wenigen in Deutschland, die \u00fcber die Doppelzertifizierung Alarmempfangsstelle (AES) und NLS sowie die Zertifizierung ISO 9001 verf\u00fcgt. Zeitgleich entspricht sie der EU-Norm DIN EN 50518, welche strenge bauliche, technische und betriebliche Anforderungen f\u00fcr Leitstellen und Sicherheitszentralen festlegt\u201c, erkl\u00e4rt Sonja Ewers, Director Business Development bei der Chubb Deutschland GmbH und f\u00fcgt hinzu: \u201eDie VdS BrandSchutzTage sind f\u00fcr uns die ideale Gelegenheit, fachlich Interessierten und potentiellen Bewerber:innen gleicherma\u00dfen zu zeigen, wie facettenreich unsere Brandschutz- und Sicherheitsl\u00f6sungen sind. Insbesondere bei der Nutzung unseres Leitstellen-Angebots erhalten unsere Kund:innen zus\u00e4tzlich Sicherheit im monatlichen Abo. Diese beinhaltet eine l\u00fcckenlose Kontrolle auf Basis einer hochmodernen technischen Ausstattung sowie kompetente Disponent:innen die rund um die Uhr die Stellung halten und unsere Kund:innen betreuen.\u201c Kostenlose Tickets k\u00f6nnen Interessierte unter <a href=\"https:\/\/www.messe-ticket.de\/VDS\/BST23\/Register\/BST23CHU\">https:\/\/www.messe-ticket.de\/VDS\/BST23\/Register\/BST23CHU<\/a> \u00a0oder via Code BST23CHU unter <a href=\"https:\/\/www.messe-ticket.de\/VDS\/BST23\">https:\/\/www.messe-ticket.de\/VDS\/BST23<\/a> \u00a0anfordern.<strong>\u00a0<\/strong><\/p>\n<p><strong>\u00dcber Chubb<\/strong><\/p>\n<p>Chubb ist ein f\u00fchrender Anbieter von Brandschutz- und Sicherheitsl\u00f6sungen f\u00fcr Kunden weltweit. Seit \u00fcber 200 Jahren sch\u00fctzt Chubb Menschen und Verm\u00f6genswerte. Heute arbeiten 12.000 Mitarbeiter in \u00fcber 200 Niederlassungen in 17 L\u00e4ndern daran, die Welt sicherer zu machen, Menschen zu sch\u00fctzen und ihnen Sicherheit zu bieten. Chubb ist ein Teil der APi Group, mit \u00fcber 500 Standorten weltweit ein marktf\u00fchrender Anbieter von Sicherheits-, Spezial- und Industriedienstleistungen f\u00fcr Unternehmen. APi verf\u00fcgt \u00fcber eine erfolgreiche F\u00fchrungskultur, die von unternehmerischen F\u00fchrungskr\u00e4ften angetrieben wird, um innovative L\u00f6sungen f\u00fcr Kunden zu bieten. Weitere Informationen finden Sie unter <a href=\"http:\/\/www.apigroupcorp.com\/\">www.apigroupcorp.com<\/a> und <a href=\"http:\/\/www.chubbfs.com\/\">www.chubbfs.com<\/a> oder folgen Sie uns f\u00fcr Branchennews unter <a href=\"http:\/\/www.linkedin.com\/company\/chubb-fire-security\">www.linkedin.com\/company\/chubb-fire-security<\/a>.<\/p>\n","protected":false},"excerpt":{"rendered":"<p>Auch in diesem Jahr ist die Chubb Deutschland GmbH an den VdS BrandSchutzTagen, die am 6. und 7. Dezember&#8230;<\/p>\n","protected":false},"author":44,"featured_media":9315,"comment_status":"open","ping_status":"open","sticky":false,"template":"","format":"standard","meta":{"_acf_changed":false,"_searchwp_excluded":"","inline_featured_image":false,"footnotes":""},"categories":[9],"tags":[32,38,39,28],"class_list":["post-8193","post","type-post","status-publish","format-standard","has-post-thumbnail","hentry","category-news","tag-brandschutz","tag-messen","tag-notruf-und-serviceleitstelle","tag-sicherheit"],"acf":[],"yoast_head":"<!-- This site is optimized with the Yoast SEO plugin v25.1 - https:\/\/yoast.com\/wordpress\/plugins\/seo\/ -->\n<title>VdS BrandSchutzTage 2023<\/title>\n<meta name=\"description\" content=\"Newsbeitrag zur Teilnahme der Chubb Deutschland GmbH an den VdS BrandSchutzTagen in K\u00f6ln im Dezember 2023\" \/>\n<meta name=\"robots\" content=\"noindex, follow, max-snippet:-1, max-image-preview:large, max-video-preview:-1\" \/>\n<meta property=\"og:locale\" content=\"en_GB\" \/>\n<meta property=\"og:type\" content=\"article\" \/>\n<meta property=\"og:title\" content=\"VdS BrandSchutzTage 2023\" \/>\n<meta property=\"og:description\" content=\"Newsbeitrag zur Teilnahme der Chubb Deutschland GmbH an den VdS BrandSchutzTagen in K\u00f6ln im Dezember 2023\" \/>\n<meta property=\"og:url\" content=\"https:\/\/chubbfs.com\/de-de\/vds-brandschutztage-2023\/\" \/>\n<meta property=\"og:site_name\" content=\"Chubb Fire &amp; Security : DE - DE\" \/>\n<meta property=\"article:published_time\" content=\"2023-08-16T11:36:24+00:00\" \/>\n<meta property=\"article:modified_time\" content=\"2024-04-23T08:02:50+00:00\" \/>\n<meta property=\"og:image\" content=\"https:\/\/chubbfs.com\/de-de\/wp-content\/uploads\/sites\/13\/2024\/02\/VdS-BrandSchutzTage-2023.jpg\" \/>\n\t<meta property=\"og:image:width\" content=\"682\" \/>\n\t<meta property=\"og:image:height\" content=\"276\" \/>\n\t<meta property=\"og:image:type\" content=\"image\/jpeg\" \/>\n<meta name=\"twitter:card\" content=\"summary_large_image\" \/>\n<meta name=\"twitter:label1\" content=\"Written by\" \/>\n\t<meta name=\"twitter:data1\" content=\"\" \/>\n\t<meta name=\"twitter:label2\" content=\"Est. reading time\" \/>\n\t<meta name=\"twitter:data2\" content=\"2 minutes\" \/>\n<script type=\"application\/ld+json\" class=\"yoast-schema-graph\">{\"@context\":\"https:\/\/schema.org\",\"@graph\":[{\"@type\":\"WebPage\",\"@id\":\"https:\/\/chubbfs.com\/de-de\/vds-brandschutztage-2023\/\",\"url\":\"https:\/\/chubbfs.com\/de-de\/vds-brandschutztage-2023\/\",\"name\":\"VdS BrandSchutzTage 2023\",\"isPartOf\":{\"@id\":\"https:\/\/chubbfs.com\/de-de\/#website\"},\"primaryImageOfPage\":{\"@id\":\"https:\/\/chubbfs.com\/de-de\/vds-brandschutztage-2023\/#primaryimage\"},\"image\":{\"@id\":\"https:\/\/chubbfs.com\/de-de\/vds-brandschutztage-2023\/#primaryimage\"},\"thumbnailUrl\":\"https:\/\/chubbfs.com\/de-de\/wp-content\/uploads\/sites\/13\/2024\/02\/VdS-BrandSchutzTage-2023.jpg\",\"datePublished\":\"2023-08-16T11:36:24+00:00\",\"dateModified\":\"2024-04-23T08:02:50+00:00\",\"author\":{\"@id\":\"\"},\"description\":\"Newsbeitrag zur Teilnahme der Chubb Deutschland GmbH an den VdS BrandSchutzTagen in K\u00f6ln im Dezember 2023\",\"inLanguage\":\"en-GB\",\"potentialAction\":[{\"@type\":\"ReadAction\",\"target\":[\"https:\/\/chubbfs.com\/de-de\/vds-brandschutztage-2023\/\"]}]},{\"@type\":\"ImageObject\",\"inLanguage\":\"en-GB\",\"@id\":\"https:\/\/chubbfs.com\/de-de\/vds-brandschutztage-2023\/#primaryimage\",\"url\":\"https:\/\/chubbfs.com\/de-de\/wp-content\/uploads\/sites\/13\/2024\/02\/VdS-BrandSchutzTage-2023.jpg\",\"contentUrl\":\"https:\/\/chubbfs.com\/de-de\/wp-content\/uploads\/sites\/13\/2024\/02\/VdS-BrandSchutzTage-2023.jpg\",\"width\":682,\"height\":276,\"caption\":\"Logo Chubb\"},{\"@type\":\"WebSite\",\"@id\":\"https:\/\/chubbfs.com\/de-de\/#website\",\"url\":\"https:\/\/chubbfs.com\/de-de\/\",\"name\":\"Chubb Fire &amp; Security : DE - DE\",\"description\":\"Just another WordPress site\",\"potentialAction\":[{\"@type\":\"SearchAction\",\"target\":{\"@type\":\"EntryPoint\",\"urlTemplate\":\"https:\/\/chubbfs.com\/de-de\/?s={search_term_string}\"},\"query-input\":{\"@type\":\"PropertyValueSpecification\",\"valueRequired\":true,\"valueName\":\"search_term_string\"}}],\"inLanguage\":\"en-GB\"},{\"@type\":\"Person\",\"@id\":\"\",\"url\":\"https:\/\/chubbfs.com\/de-de\/author\/\"}]}<\/script>\n<!-- \/ Yoast SEO plugin. -->","yoast_head_json":{"title":"VdS BrandSchutzTage 2023","description":"Newsbeitrag zur Teilnahme der Chubb Deutschland GmbH an den VdS BrandSchutzTagen in K\u00f6ln im Dezember 2023","robots":{"index":"noindex","follow":"follow","max-snippet":"max-snippet:-1","max-image-preview":"max-image-preview:large","max-video-preview":"max-video-preview:-1"},"og_locale":"en_GB","og_type":"article","og_title":"VdS BrandSchutzTage 2023","og_description":"Newsbeitrag zur Teilnahme der Chubb Deutschland GmbH an den VdS BrandSchutzTagen in K\u00f6ln im Dezember 2023","og_url":"https:\/\/chubbfs.com\/de-de\/vds-brandschutztage-2023\/","og_site_name":"Chubb Fire &amp; Security : DE - DE","article_published_time":"2023-08-16T11:36:24+00:00","article_modified_time":"2024-04-23T08:02:50+00:00","og_image":[{"width":682,"height":276,"url":"https:\/\/chubbfs.com\/de-de\/wp-content\/uploads\/sites\/13\/2024\/02\/VdS-BrandSchutzTage-2023.jpg","type":"image\/jpeg"}],"twitter_card":"summary_large_image","twitter_misc":{"Written by":"","Est. reading time":"2 minutes"},"schema":{"@context":"https:\/\/schema.org","@graph":[{"@type":"WebPage","@id":"https:\/\/chubbfs.com\/de-de\/vds-brandschutztage-2023\/","url":"https:\/\/chubbfs.com\/de-de\/vds-brandschutztage-2023\/","name":"VdS BrandSchutzTage 2023","isPartOf":{"@id":"https:\/\/chubbfs.com\/de-de\/#website"},"primaryImageOfPage":{"@id":"https:\/\/chubbfs.com\/de-de\/vds-brandschutztage-2023\/#primaryimage"},"image":{"@id":"https:\/\/chubbfs.com\/de-de\/vds-brandschutztage-2023\/#primaryimage"},"thumbnailUrl":"https:\/\/chubbfs.com\/de-de\/wp-content\/uploads\/sites\/13\/2024\/02\/VdS-BrandSchutzTage-2023.jpg","datePublished":"2023-08-16T11:36:24+00:00","dateModified":"2024-04-23T08:02:50+00:00","author":{"@id":""},"description":"Newsbeitrag zur Teilnahme der Chubb Deutschland GmbH an den VdS BrandSchutzTagen in K\u00f6ln im Dezember 2023","inLanguage":"en-GB","potentialAction":[{"@type":"ReadAction","target":["https:\/\/chubbfs.com\/de-de\/vds-brandschutztage-2023\/"]}]},{"@type":"ImageObject","inLanguage":"en-GB","@id":"https:\/\/chubbfs.com\/de-de\/vds-brandschutztage-2023\/#primaryimage","url":"https:\/\/chubbfs.com\/de-de\/wp-content\/uploads\/sites\/13\/2024\/02\/VdS-BrandSchutzTage-2023.jpg","contentUrl":"https:\/\/chubbfs.com\/de-de\/wp-content\/uploads\/sites\/13\/2024\/02\/VdS-BrandSchutzTage-2023.jpg","width":682,"height":276,"caption":"Logo Chubb"},{"@type":"WebSite","@id":"https:\/\/chubbfs.com\/de-de\/#website","url":"https:\/\/chubbfs.com\/de-de\/","name":"Chubb Fire &amp; Security : DE - DE","description":"Just another WordPress site","potentialAction":[{"@type":"SearchAction","target":{"@type":"EntryPoint","urlTemplate":"https:\/\/chubbfs.com\/de-de\/?s={search_term_string}"},"query-input":{"@type":"PropertyValueSpecification","valueRequired":true,"valueName":"search_term_string"}}],"inLanguage":"en-GB"},{"@type":"Person","@id":"","url":"https:\/\/chubbfs.com\/de-de\/author\/"}]}},"_links":{"self":[{"href":"https:\/\/chubbfs.com\/de-de\/wp-json\/wp\/v2\/posts\/8193","targetHints":{"allow":["GET"]}}],"collection":[{"href":"https:\/\/chubbfs.com\/de-de\/wp-json\/wp\/v2\/posts"}],"about":[{"href":"https:\/\/chubbfs.com\/de-de\/wp-json\/wp\/v2\/types\/post"}],"author":[{"embeddable":true,"href":"https:\/\/chubbfs.com\/de-de\/wp-json\/wp\/v2\/users\/44"}],"replies":[{"embeddable":true,"href":"https:\/\/chubbfs.com\/de-de\/wp-json\/wp\/v2\/comments?post=8193"}],"version-history":[{"count":4,"href":"https:\/\/chubbfs.com\/de-de\/wp-json\/wp\/v2\/posts\/8193\/revisions"}],"predecessor-version":[{"id":9715,"href":"https:\/\/chubbfs.com\/de-de\/wp-json\/wp\/v2\/posts\/8193\/revisions\/9715"}],"wp:featuredmedia":[{"embeddable":true,"href":"https:\/\/chubbfs.com\/de-de\/wp-json\/wp\/v2\/media\/9315"}],"wp:attachment":[{"href":"https:\/\/chubbfs.com\/de-de\/wp-json\/wp\/v2\/media?parent=8193"}],"wp:term":[{"taxonomy":"category","embeddable":true,"href":"https:\/\/chubbfs.com\/de-de\/wp-json\/wp\/v2\/categories?post=8193"},{"taxonomy":"post_tag","embeddable":true,"href":"https:\/\/chubbfs.com\/de-de\/wp-json\/wp\/v2\/tags?post=8193"}],"curies":[{"name":"wp","href":"https:\/\/api.w.org\/{rel}","templated":true}]}}